{"id":1685,"date":"2021-10-05T10:27:44","date_gmt":"2021-10-05T10:27:44","guid":{"rendered":"http:\/\/asia.ujaen.es:8002\/?p=1685"},"modified":"2024-05-03T06:48:00","modified_gmt":"2024-05-03T06:48:00","slug":"webinar-activa","status":"publish","type":"post","link":"https:\/\/asia.ujaen.es\/activa\/2021\/10\/05\/webinar-activa\/","title":{"rendered":"Webinar: ACTIVA"},"content":{"rendered":"\n<div class=\"wp-block-columns is-layout-flex wp-container-core-columns-is-layout-8f761849 wp-block-columns-is-layout-flex\">\n<div class=\"wp-block-column is-layout-flow wp-block-column-is-layout-flow\">\n<figure class=\"wp-block-image size-full is-resized\"><img loading=\"lazy\" decoding=\"async\" width=\"300\" height=\"200\" src=\"https:\/\/asia.ujaen.es\/activa\/wp-content\/uploads\/2021\/10\/3f79078e4483f57187778ca4a8d23ec7b47d0cf7.png\" alt=\"\" class=\"wp-image-1686\" style=\"width:401px;height:auto\"\/><\/figure>\n<\/div>\n\n\n\n<div class=\"wp-block-column is-layout-flow wp-block-column-is-layout-flow\">\n<p class=\"has-drop-cap wp-block-paragraph\">Afortunadamente nos encontramos en una sociedad donde ha aumentado la esperanza de vida de manera paulatina. As\u00ed, en la \u00faltima d\u00e9cada se ha producido un incremento de aproximadamente un 25% de personas mayores de 65 a\u00f1os que residen en centros de personas mayores. Este hecho conlleva afrontar nuevos desaf\u00edos como el cuidado de este rango poblacional debido a la alta ocupaci\u00f3n que existir\u00e1 en un futuro cercano en residencias de personas mayores.<\/p>\n<\/div>\n<\/div>\n\n\n\n<p class=\"wp-block-paragraph\">En la charla se describir\u00e1 el proyecto ACTIVA, cuyo t\u00edtulo es \u2018Sistema inteligente de decisi\u00f3n basado en el reconocimiento de actividades en el entorno operativo del envejecimiento\u2019 financiado por el Programa Estatal de I+D+i Orientada a los Retos de la Sociedad, en la categor\u00eda de \u201cSalud, cambio demogr\u00e1fico y bienestar\u201d que est\u00e1 realizando la Universidad de Ja\u00e9n y que lidera la ponente.<\/p>\n\n\n\n<p class=\"wp-block-paragraph\">El Proyecto ACTIVA apunta al ejercicio f\u00edsico adaptado para un envejecimiento saludable. En particular, se expondr\u00e1 el modelo de investigaci\u00f3n basado en inteligencia artificial (dentro del proyecto&nbsp; ACTIVA) para el&nbsp; reconocimiento&nbsp; e identificaci\u00f3n de las actividades f\u00edsicas&nbsp; que llevan a cabo personas mayores dentro del entorno f\u00edsico de residencias o casas de d\u00eda a trav\u00e9s de los datos que reportan sensores que se ubican en el ambiente en el cual desarrollan sus ejercicios y actividades cotidianas, con la finalidad de detectar las anomal\u00edas y retroalimentar as\u00ed la mejora de los planes de ejercicios saludables. Actualmente, se est\u00e1n ultimando los detalles para instalar el sistema en la residencia de personas mayores de situada en la provincia de Ja\u00e9n durante el verano europeo 2021.<\/p>\n\n\n\n<p class=\"wp-block-paragraph\"><strong>Fecha de realizaci\u00f3n<\/strong>: 14-07-2021.<\/p>\n\n\n\n<p class=\"wp-block-paragraph\"><strong>Fuente original<\/strong>: <a href=\"http:\/\/ipap.chaco.gov.ar\/detalle-noticia\/532\/ipap\" target=\"_blank\" rel=\"noreferrer noopener\">http:\/\/ipap.chaco.gov.ar\/detalle-noticia\/532\/ipap<\/a><\/p>\n","protected":false},"excerpt":{"rendered":"<p>Afortunadamente nos encontramos en una sociedad donde ha aumentado la esperanza de vida de manera paulatina. As\u00ed, en la \u00faltima d\u00e9cada se ha producido un incremento de aproximadamente un 25% &#8230;<\/p>\n","protected":false},"author":1,"featured_media":1686,"comment_status":"open","ping_status":"open","sticky":false,"template":"","format":"standard","meta":{"_jetpack_newsletter_access":"","_jetpack_dont_email_post_to_subs":false,"_jetpack_newsletter_tier_id":0,"_jetpack_memberships_contains_paywalled_content":false,"_jetpack_feature_clip_id":0,"_jetpack_memberships_contains_paid_content":false,"footnotes":"","jetpack_post_was_ever_published":false},"categories":[22],"tags":[],"class_list":["post-1685","post","type-post","status-publish","format-standard","has-post-thumbnail","hentry","category-webinar"],"jetpack_sharing_enabled":true,"jetpack_featured_media_url":"https:\/\/asia.ujaen.es\/activa\/wp-content\/uploads\/2021\/10\/3f79078e4483f57187778ca4a8d23ec7b47d0cf7.png","_links":{"self":[{"href":"https:\/\/asia.ujaen.es\/activa\/wp-json\/wp\/v2\/posts\/1685","targetHints":{"allow":["GET"]}}],"collection":[{"href":"https:\/\/asia.ujaen.es\/activa\/wp-json\/wp\/v2\/posts"}],"about":[{"href":"https:\/\/asia.ujaen.es\/activa\/wp-json\/wp\/v2\/types\/post"}],"author":[{"embeddable":true,"href":"https:\/\/asia.ujaen.es\/activa\/wp-json\/wp\/v2\/users\/1"}],"replies":[{"embeddable":true,"href":"https:\/\/asia.ujaen.es\/activa\/wp-json\/wp\/v2\/comments?post=1685"}],"version-history":[{"count":7,"href":"https:\/\/asia.ujaen.es\/activa\/wp-json\/wp\/v2\/posts\/1685\/revisions"}],"predecessor-version":[{"id":1834,"href":"https:\/\/asia.ujaen.es\/activa\/wp-json\/wp\/v2\/posts\/1685\/revisions\/1834"}],"wp:featuredmedia":[{"embeddable":true,"href":"https:\/\/asia.ujaen.es\/activa\/wp-json\/wp\/v2\/media\/1686"}],"wp:attachment":[{"href":"https:\/\/asia.ujaen.es\/activa\/wp-json\/wp\/v2\/media?parent=1685"}],"wp:term":[{"taxonomy":"category","embeddable":true,"href":"https:\/\/asia.ujaen.es\/activa\/wp-json\/wp\/v2\/categories?post=1685"},{"taxonomy":"post_tag","embeddable":true,"href":"https:\/\/asia.ujaen.es\/activa\/wp-json\/wp\/v2\/tags?post=1685"}],"curies":[{"name":"wp","href":"https:\/\/api.w.org\/{rel}","templated":true}]}}