{"id":1681,"date":"2020-09-30T00:00:51","date_gmt":"2020-09-30T00:00:51","guid":{"rendered":"http:\/\/asia.ujaen.es:8002\/?p=1681"},"modified":"2021-10-05T10:30:51","modified_gmt":"2021-10-05T10:30:51","slug":"no-23-septiembre-octubre-2020","status":"publish","type":"post","link":"https:\/\/asia.ujaen.es\/activa\/2020\/09\/30\/no-23-septiembre-octubre-2020\/","title":{"rendered":"N\u00ba 23 Septiembre\/Octubre 2020"},"content":{"rendered":"\n<p class=\"has-drop-cap wp-block-paragraph\"><\/p>\n\n\n\n<div class=\"wp-block-columns is-layout-flex wp-container-core-columns-is-layout-8f761849 wp-block-columns-is-layout-flex\">\n<div class=\"wp-block-column is-layout-flow wp-block-column-is-layout-flow\" style=\"flex-basis:33.33%\">\n<figure class=\"wp-block-image size-full\"><img loading=\"lazy\" decoding=\"async\" width=\"279\" height=\"317\" src=\"http:\/\/asia.ujaen.es:8002\/wp-content\/uploads\/2021\/10\/np_Rear-view-of-older-couple-walking-through-a-park-with-their-arms-around-each-other-in-the-fall_0LYrE5_free-e1633428690171.jpg\" alt=\"\" class=\"wp-image-1682\" srcset=\"https:\/\/asia.ujaen.es\/activa\/wp-content\/uploads\/2021\/10\/np_Rear-view-of-older-couple-walking-through-a-park-with-their-arms-around-each-other-in-the-fall_0LYrE5_free-e1633428690171.jpg 279w, https:\/\/asia.ujaen.es\/activa\/wp-content\/uploads\/2021\/10\/np_Rear-view-of-older-couple-walking-through-a-park-with-their-arms-around-each-other-in-the-fall_0LYrE5_free-e1633428690171-264x300.jpg 264w\" sizes=\"auto, (max-width: 279px) 100vw, 279px\" \/><\/figure>\n<\/div>\n\n\n\n<div class=\"wp-block-column is-layout-flow wp-block-column-is-layout-flow\" style=\"flex-basis:66.66%\">\n<p class=\"has-drop-cap wp-block-paragraph\">El proyecto de investigaci\u00f3n ACTIVA, titulado \u201cSistema inteligente de decisi\u00f3n basado en el reconocimiento de actividades en el entorno operativo del envejecimiento\u201d, se encuentra en el ecuador de su ejecuci\u00f3n. A trav\u00e9s de esta iniciativa, llevada a cabo por el personal investigador de la Universidad de Ja\u00e9n y de la <a rel=\"noreferrer noopener\" href=\"https:\/\/ageinglab.org\/\" target=\"_blank\">Fundaci\u00f3n Ageing Lab<\/a> se generar\u00e1n sistemas para identificar y observar las actividades que llevan a cabo las personas mayores, detectar las anomal\u00edas que puedan surgir y apoyarles en la realizaci\u00f3n de las mismas a trav\u00e9s de dispositivos de inteligencia artificial, siguiendo un modelo de intervenci\u00f3n de envejecimiento digno y positivo. La realizaci\u00f3n de este tipo de proyectos en centros residenciales permitir\u00e1 reducir el estr\u00e9s de las personas cuidadoras a la hora de monitorizar la actividad de las personas usuarias de una manera instant\u00e1nea, automatizada y optimizada.<\/p>\n<\/div>\n<\/div>\n\n\n\n<p class=\"wp-block-paragraph\">A lo largo de este a\u00f1o y medio han sido numerosos los avances que se han producido en el proyecto de investigaci\u00f3n que permitir\u00e1n alcanzar el prop\u00f3sito de ACTIVA. Entre ellos, la organizaci\u00f3n de eventos cient\u00edficos internacionales, propuestas investigadoras con t\u00e9cnicas de inteligencia artificial, comunicaciones orales en congresos, participaci\u00f3n y organizaci\u00f3n de eventos para difundir los resultados del proyecto a la sociedad.  <\/p>\n\n\n\n<p class=\"wp-block-paragraph\">En lo relativo a eventos cient\u00edficos internacionales cabe se\u00f1alar el lanzamiento de un n\u00famero especial sobre computaci\u00f3n ubicua y ambientes inteligentes en una revista de reconocido prestigio, la organizaci\u00f3n de un evento internacional sobre entornos inteligentes, la participaci\u00f3n en el evento internacional \u201cLa Noche Europea de l@s Investigador@s\u201d y un taller de preparaci\u00f3n de propuestas Eurostars. <\/p>\n\n\n\n<p class=\"wp-block-paragraph\">Dentro de la comunidad cient\u00edfica internacional, destacan por su impacto tres propuestas de investigaci\u00f3n con t\u00e9cnicas de inteligencia artificial para detectar las actividades y anomal\u00edas. La primera de ellas se basa en algoritmos en los propios dispositivos que se ubican en el hogar con el fin de evitar que se env\u00ede un exceso de datos por internet y aumentar la seguridad de los mismos. En segundo lugar, una arquitectura tecnol\u00f3gica innovadora que fusiona los datos enviados para reconocer actividades m\u00e1s complejas y las anomal\u00edas. Por \u00faltimo, una propuesta de suma relevancia basada en un algoritmo que detecta una ca\u00edda utilizando c\u00e1maras termales a trav\u00e9s de redes neuronales convolucionales. <\/p>\n\n\n\n<p class=\"wp-block-paragraph\">Durante estos meses se han difundido los resultados del proyecto en diferentes eventos, acciones formativas y foros, como las Jornadas internacionales \u201cEnvejecimiento vs accesibilidad: un futuro inclusivo\u201d donde se ha expuesto el desarrollo sostenible y la calidad de vida a trav\u00e9s del proyecto ACTIVA y de los Objetivos de Desarrollo Sostenible (ODS), en la Jornada de emprendimiento social de la Universidad de Granada, y el curso tecnol\u00f3gico sobre ciencia de datos y Machine Learning con sesiones espec\u00edficas dentro del \u00e1mbito de la salud. <\/p>\n\n\n\n<p class=\"wp-block-paragraph\">A su vez, la Universidad de Ja\u00e9n ha desarrollado un programa inform\u00e1tico denominado Mercedes cuyo objetivo de garantizar la calidad de vida de las personas mayores en su hogar. El innovador proyecto permite realizar un seguimiento en tiempo real de las actividades cotidianas que est\u00e1 realizando una persona en su hogar y, lo que es m\u00e1s importante, detectar si se produce una situaci\u00f3n no deseada en una actividad con el fin de prevenirla o alertar sobre ella de manera inmediata. <\/p>\n\n\n\n<p class=\"wp-block-paragraph\">El conocimiento adquirido, las propuestas de investigaci\u00f3n realizadas y los resultados obtenidos en la primera parte del proyecto se utilizar\u00e1n como base para el desarrollo software del sistema inteligente de decisi\u00f3n basado en el reconocimiento de actividades, el cual se espera validar en la residencia de personas mayores Macrosad \u00c1ngeles Cobo situada en la provincia de Ja\u00e9n. Asimismo, los criterios del piloto seguir\u00e1n las bases del <a rel=\"noreferrer noopener\" href=\"https:\/\/www.sociosanitario.info\/\" data-type=\"URL\" data-id=\"https:\/\/www.sociosanitario.info\/\" target=\"_blank\">Modelo de envejecimiento digno y positivo<\/a>, basado en principios bio\u00e9ticos, de prevenci\u00f3n de ca\u00eddas e inteligencia colaborativa.<\/p>\n\n\n\n<p class=\"wp-block-paragraph\"><strong>Fuente original<\/strong>: <a href=\"https:\/\/eiova.es\/documentos\/n23.pdf\" target=\"_blank\" rel=\"noreferrer noopener\">https:\/\/eiova.es\/documentos\/n23.pdf<\/a><\/p>\n","protected":false},"excerpt":{"rendered":"<p>El proyecto de investigaci\u00f3n ACTIVA, titulado \u201cSistema inteligente de decisi\u00f3n basado en el reconocimiento de actividades en el entorno operativo del envejecimiento\u201d, se encuentra en el ecuador de su ejecuci\u00f3n. &#8230;<\/p>\n","protected":false},"author":1,"featured_media":1683,"comment_status":"open","ping_status":"open","sticky":false,"template":"","format":"standard","meta":{"_jetpack_newsletter_access":"","_jetpack_dont_email_post_to_subs":false,"_jetpack_newsletter_tier_id":0,"_jetpack_memberships_contains_paywalled_content":false,"_jetpack_feature_clip_id":0,"_jetpack_memberships_contains_paid_content":false,"footnotes":"","jetpack_post_was_ever_published":false},"categories":[21,20],"tags":[],"class_list":["post-1681","post","type-post","status-publish","format-standard","has-post-thumbnail","hentry","category-eiova","category-revista-digital"],"jetpack_sharing_enabled":true,"jetpack_featured_media_url":"https:\/\/asia.ujaen.es\/activa\/wp-content\/uploads\/2021\/10\/n23_Pagina_1-scaled-e1633428940190.jpg","_links":{"self":[{"href":"https:\/\/asia.ujaen.es\/activa\/wp-json\/wp\/v2\/posts\/1681","targetHints":{"allow":["GET"]}}],"collection":[{"href":"https:\/\/asia.ujaen.es\/activa\/wp-json\/wp\/v2\/posts"}],"about":[{"href":"https:\/\/asia.ujaen.es\/activa\/wp-json\/wp\/v2\/types\/post"}],"author":[{"embeddable":true,"href":"https:\/\/asia.ujaen.es\/activa\/wp-json\/wp\/v2\/users\/1"}],"replies":[{"embeddable":true,"href":"https:\/\/asia.ujaen.es\/activa\/wp-json\/wp\/v2\/comments?post=1681"}],"version-history":[{"count":2,"href":"https:\/\/asia.ujaen.es\/activa\/wp-json\/wp\/v2\/posts\/1681\/revisions"}],"predecessor-version":[{"id":1691,"href":"https:\/\/asia.ujaen.es\/activa\/wp-json\/wp\/v2\/posts\/1681\/revisions\/1691"}],"wp:featuredmedia":[{"embeddable":true,"href":"https:\/\/asia.ujaen.es\/activa\/wp-json\/wp\/v2\/media\/1683"}],"wp:attachment":[{"href":"https:\/\/asia.ujaen.es\/activa\/wp-json\/wp\/v2\/media?parent=1681"}],"wp:term":[{"taxonomy":"category","embeddable":true,"href":"https:\/\/asia.ujaen.es\/activa\/wp-json\/wp\/v2\/categories?post=1681"},{"taxonomy":"post_tag","embeddable":true,"href":"https:\/\/asia.ujaen.es\/activa\/wp-json\/wp\/v2\/tags?post=1681"}],"curies":[{"name":"wp","href":"https:\/\/api.w.org\/{rel}","templated":true}]}}