{"id":1666,"date":"2019-06-30T00:00:29","date_gmt":"2019-06-30T00:00:29","guid":{"rendered":"http:\/\/asia.ujaen.es:8002\/?p=1666"},"modified":"2021-10-05T10:31:25","modified_gmt":"2021-10-05T10:31:25","slug":"no-18-junio-julio-2019","status":"publish","type":"post","link":"https:\/\/asia.ujaen.es\/activa\/2019\/06\/30\/no-18-junio-julio-2019\/","title":{"rendered":"N\u00ba 18 Junio\/Julio 2019"},"content":{"rendered":"\n<div class=\"wp-block-columns is-layout-flex wp-container-core-columns-is-layout-8f761849 wp-block-columns-is-layout-flex\">\n<div class=\"wp-block-column is-layout-flow wp-block-column-is-layout-flow\" style=\"flex-basis:66.66%\">\n<figure class=\"wp-block-image size-full is-resized\"><img loading=\"lazy\" decoding=\"async\" src=\"http:\/\/asia.ujaen.es:8002\/wp-content\/uploads\/2021\/10\/np_Older-woman-sitting-on-bed_43v9R5_free-e1633427914393.jpg\" alt=\"\" class=\"wp-image-1678\" width=\"543\" height=\"351\" srcset=\"https:\/\/asia.ujaen.es\/activa\/wp-content\/uploads\/2021\/10\/np_Older-woman-sitting-on-bed_43v9R5_free-e1633427914393.jpg 506w, https:\/\/asia.ujaen.es\/activa\/wp-content\/uploads\/2021\/10\/np_Older-woman-sitting-on-bed_43v9R5_free-e1633427914393-300x194.jpg 300w\" sizes=\"auto, (max-width: 543px) 100vw, 543px\" \/><\/figure>\n<\/div>\n\n\n\n<div class=\"wp-block-column is-layout-flow wp-block-column-is-layout-flow\" style=\"flex-basis:33.33%\">\n<p class=\"has-drop-cap has-text-align-justify wp-block-paragraph\">Actualmente vivimos en una sociedad envejecida en la que sus miembros aumentan su esperanza de vida de manera paulatina. Expertos dem\u00f3grafos coinciden en se\u00f1alar que para el a\u00f1o 2050 las cifras de personas mayores a nivel mundial habr\u00e1n sufrido un aumento exponencial, lo que hace que el cuidado de este rango poblacional sea m\u00e1s complicado debido a la alta ocupaci\u00f3n que existir\u00e1 en centros residenciales y la complejidad que entra\u00f1ar\u00eda la monitorizaci\u00f3n de las actividades y el apoyo que habr\u00eda que brindarles en momentos de dificultad. <\/p>\n<\/div>\n<\/div>\n\n\n\n<p class=\"has-text-align-justify wp-block-paragraph\">Sin embargo, esta situaci\u00f3n puede generar no solo dificultades, sino tambi\u00e9n oportunidades. La Universidad de Ja\u00e9n y la Fundaci\u00f3n Ageing Lab se encuentran trabajando en el proyecto ACTIVA, cuyo t\u00edtulo es \u2018Sistema inteligente de decisi\u00f3n basado en el reconocimiento de actividades en el entorno operativo del envejecimiento\u2019 financiado por el Programa Estatal de I+D+i Orientada a los Retos de la Sociedad, en la categor\u00eda de \u201cSalud, cambio demogr\u00e1fico y bienestar\u201d.<\/p>\n\n\n\n<p class=\"has-text-align-justify wp-block-paragraph\"> A trav\u00e9s de esta iniciativa, personal investigador de la Universidad de Ja\u00e9n y miembros de Ageing Lab, pretenden impulsar la consolidaci\u00f3n de algoritmos inform\u00e1ticos para identificar y observar las actividades que realicen las personas mayores, detectar anomal\u00edas que puedan surgir y apoyarles en la realizaci\u00f3n de las mismas a trav\u00e9s de dispositivos inteligentes, siguiendo un modelo de intervenci\u00f3n digno y positivo. <\/p>\n\n\n\n<p class=\"wp-block-paragraph\">Mediante unos dispositivos inteligentes con sensores ubicados dentro del entorno de manera no invasiva se recoger\u00e1n una serie de datos tanto del ambiente como de la propia persona usuaria, con el objetivo de crear un programa inform\u00e1tico a trav\u00e9s de t\u00e9cnicas de inteligencia artificial. <\/p>\n\n\n\n<p class=\"wp-block-paragraph\">Adem\u00e1s, esta herramienta automatizada podr\u00e1 incluso darles soporte en la actividad que est\u00e1n realizando a trav\u00e9s tambi\u00e9n de dispositivos inteligentes o alertar a familiares o personas cuidadoras. <\/p>\n\n\n\n<p class=\"wp-block-paragraph\">Las primeras pruebas del proyecto ACTIVA se realizar\u00e1n en el laboratorio de inteligencia ambiental de la Universidad de Ja\u00e9n, un \u2018apartamento\u2019 que cuenta con m\u00e1s de 150 dispositivos inteligentes, y en el Living Lab de la Fundaci\u00f3n Ageing Lab, un instrumento metodol\u00f3gico que permite la participaci\u00f3n activa de la persona usuaria final, desde su propia realidad, en el proceso de dise\u00f1o o redise\u00f1o de proyectos, productos y servicios. Tanto los datos \u00fatiles del entorno y de las personas usuarias recabados por los dispositivos como las opiniones vertidas por las personas mayores, cuidadoras y fami- liares en el Living Lab ser\u00e1n incorporados a un sistema inteligente de decisi\u00f3n final basado en el reconocimiento de actividades final que ser\u00e1 validado en un centro de personas mayores, bajo la denominaci\u00f3n de SI-Activa. <\/p>\n\n\n\n<p class=\"wp-block-paragraph\">Con este proyecto, que tiene como fecha de finalizaci\u00f3n el 31 de diciembre de 2021, desde la Universidad de Ja\u00e9n y la Fundaci\u00f3n Ageing Lab se pretende ofrecer una soluci\u00f3n social basada en el envejecimiento digno y positivo para potenciar la calidad de las personas mayores y sus niveles de independencia. Adem\u00e1s, la utilizaci\u00f3n de este tipo de iniciativas en centros residenciales permitir\u00e1 reducir el estr\u00e9s de las personas cuidadoras a la hora de monitorizar la actividad de las personas usuarias de una manera instant\u00e1nea, automatizada y optimizada.<\/p>\n\n\n\n<p class=\"wp-block-paragraph\"><strong>Fuente original: <\/strong><a rel=\"noreferrer noopener\" href=\"https:\/\/eiova.es\/documentos\/n18.pdf\" data-type=\"URL\" data-id=\"https:\/\/eiova.es\/documentos\/n18.pdf\" target=\"_blank\">https:\/\/eiova.es\/documentos\/n18.pdf<\/a><\/p>\n","protected":false},"excerpt":{"rendered":"<p>Actualmente vivimos en una sociedad envejecida en la que sus miembros aumentan su esperanza de vida de manera paulatina. Expertos dem\u00f3grafos coinciden en se\u00f1alar que para el a\u00f1o 2050 las &#8230;<\/p>\n","protected":false},"author":1,"featured_media":1674,"comment_status":"open","ping_status":"open","sticky":false,"template":"","format":"standard","meta":{"_jetpack_newsletter_access":"","_jetpack_dont_email_post_to_subs":false,"_jetpack_newsletter_tier_id":0,"_jetpack_memberships_contains_paywalled_content":false,"_jetpack_feature_clip_id":0,"_jetpack_memberships_contains_paid_content":false,"footnotes":"","jetpack_post_was_ever_published":false},"categories":[21,20],"tags":[],"class_list":["post-1666","post","type-post","status-publish","format-standard","has-post-thumbnail","hentry","category-eiova","category-revista-digital"],"jetpack_sharing_enabled":true,"jetpack_featured_media_url":"https:\/\/asia.ujaen.es\/activa\/wp-content\/uploads\/2021\/10\/n18_Pagina_1-scaled-e1633426781919.jpg","_links":{"self":[{"href":"https:\/\/asia.ujaen.es\/activa\/wp-json\/wp\/v2\/posts\/1666","targetHints":{"allow":["GET"]}}],"collection":[{"href":"https:\/\/asia.ujaen.es\/activa\/wp-json\/wp\/v2\/posts"}],"about":[{"href":"https:\/\/asia.ujaen.es\/activa\/wp-json\/wp\/v2\/types\/post"}],"author":[{"embeddable":true,"href":"https:\/\/asia.ujaen.es\/activa\/wp-json\/wp\/v2\/users\/1"}],"replies":[{"embeddable":true,"href":"https:\/\/asia.ujaen.es\/activa\/wp-json\/wp\/v2\/comments?post=1666"}],"version-history":[{"count":7,"href":"https:\/\/asia.ujaen.es\/activa\/wp-json\/wp\/v2\/posts\/1666\/revisions"}],"predecessor-version":[{"id":1692,"href":"https:\/\/asia.ujaen.es\/activa\/wp-json\/wp\/v2\/posts\/1666\/revisions\/1692"}],"wp:featuredmedia":[{"embeddable":true,"href":"https:\/\/asia.ujaen.es\/activa\/wp-json\/wp\/v2\/media\/1674"}],"wp:attachment":[{"href":"https:\/\/asia.ujaen.es\/activa\/wp-json\/wp\/v2\/media?parent=1666"}],"wp:term":[{"taxonomy":"category","embeddable":true,"href":"https:\/\/asia.ujaen.es\/activa\/wp-json\/wp\/v2\/categories?post=1666"},{"taxonomy":"post_tag","embeddable":true,"href":"https:\/\/asia.ujaen.es\/activa\/wp-json\/wp\/v2\/tags?post=1666"}],"curies":[{"name":"wp","href":"https:\/\/api.w.org\/{rel}","templated":true}]}}