{"id":1744,"date":"2021-07-14T00:00:00","date_gmt":"2021-07-14T00:00:00","guid":{"rendered":"http:\/\/asia.ujaen.es:8002\/?p=1744"},"modified":"2021-10-11T09:59:48","modified_gmt":"2021-10-11T09:59:48","slug":"campus-cientifico-de-verano-proyecto-gem","status":"publish","type":"post","link":"https:\/\/asia.ujaen.es\/activa\/en\/2021\/07\/14\/campus-cientifico-de-verano-proyecto-gem\/","title":{"rendered":"Summer Science Campus. GEM Project"},"content":{"rendered":"<div class=\"wp-block-columns is-layout-flex wp-container-core-columns-is-layout-8f761849 wp-block-columns-is-layout-flex\">\n<div class=\"wp-block-column is-layout-flow wp-block-column-is-layout-flow\">\n<figure class=\"wp-block-image size-large\"><img loading=\"lazy\" decoding=\"async\" width=\"1024\" height=\"724\" src=\"http:\/\/asia.ujaen.es:8002\/wp-content\/uploads\/2021\/10\/PPT-PROYECTO-GEM-Portada-1024x724.jpg\" alt=\"\" class=\"wp-image-1746\" srcset=\"https:\/\/asia.ujaen.es\/activa\/wp-content\/uploads\/2021\/10\/PPT-PROYECTO-GEM-Portada-1024x724.jpg 1024w, https:\/\/asia.ujaen.es\/activa\/wp-content\/uploads\/2021\/10\/PPT-PROYECTO-GEM-Portada-300x212.jpg 300w, https:\/\/asia.ujaen.es\/activa\/wp-content\/uploads\/2021\/10\/PPT-PROYECTO-GEM-Portada-768x543.jpg 768w, https:\/\/asia.ujaen.es\/activa\/wp-content\/uploads\/2021\/10\/PPT-PROYECTO-GEM-Portada-1536x1086.jpg 1536w, https:\/\/asia.ujaen.es\/activa\/wp-content\/uploads\/2021\/10\/PPT-PROYECTO-GEM-Portada-2048x1448.jpg 2048w\" sizes=\"auto, (max-width: 1024px) 100vw, 1024px\" \/><\/figure>\n<\/div>\n\n\n\n<div class=\"wp-block-column is-layout-flow wp-block-column-is-layout-flow\">\n<p class=\"has-drop-cap wp-block-paragraph\">The University of Ja\u00e9n is hosting from July 19 to 23 the celebration of the GEM 2021 Summer Campus, in which 65 girls from the province of Ja\u00e9n between 13 and 18 years old will participate in a total of 13 research projects, which will be mentored by 19 researchers from the University of Ja\u00e9n. Among them, Professors Macarena Espinilla Est\u00e9vez and Mar\u00eda \u00c1ngeles Verdejo Espinosa.<\/p>\n<\/div>\n<\/div>\n\n\n\n<p class=\"wp-block-paragraph\"><strong>Link to news<\/strong>: <a href=\"https:\/\/diariodigital.ujaen.es\/investigacion-y-transferencia\/la-uja-acoge-del-19-al-23-de-julio-un-campus-de-verano-para-fomentar\">https:\/\/diariodigital.ujaen.es\/investigacion-y-transferencia\/la-uja-acoge-del-19-al-23-de-julio-un-campus-de-verano-para-fomentar<\/a><\/p>\n\n\n\n<p class=\"wp-block-paragraph\"><strong>GEM project<\/strong>: <a href=\"https:\/\/gem-esp.eu\/\">https:\/\/gem-esp.eu\/<\/a><\/p>","protected":false},"excerpt":{"rendered":"<p>From July 19 to 23, the University of Ja\u00e9n will host the GEM 2021 Summer Campus, in which 65 girls from the province of Ja\u00e9n will participate ...<\/p>","protected":false},"author":1,"featured_media":1746,"comment_status":"open","ping_status":"open","sticky":false,"template":"","format":"standard","meta":{"_jetpack_newsletter_access":"","_jetpack_dont_email_post_to_subs":false,"_jetpack_newsletter_tier_id":0,"_jetpack_memberships_contains_paywalled_content":false,"_jetpack_feature_clip_id":0,"_jetpack_memberships_contains_paid_content":false,"footnotes":"","jetpack_post_was_ever_published":false},"categories":[25],"tags":[],"class_list":["post-1744","post","type-post","status-publish","format-standard","has-post-thumbnail","hentry","category-divulgacion"],"jetpack_sharing_enabled":true,"jetpack_featured_media_url":"https:\/\/asia.ujaen.es\/activa\/wp-content\/uploads\/2021\/10\/PPT-PROYECTO-GEM-Portada-scaled.jpg","_links":{"self":[{"href":"https:\/\/asia.ujaen.es\/activa\/en\/wp-json\/wp\/v2\/posts\/1744","targetHints":{"allow":["GET"]}}],"collection":[{"href":"https:\/\/asia.ujaen.es\/activa\/en\/wp-json\/wp\/v2\/posts"}],"about":[{"href":"https:\/\/asia.ujaen.es\/activa\/en\/wp-json\/wp\/v2\/types\/post"}],"author":[{"embeddable":true,"href":"https:\/\/asia.ujaen.es\/activa\/en\/wp-json\/wp\/v2\/users\/1"}],"replies":[{"embeddable":true,"href":"https:\/\/asia.ujaen.es\/activa\/en\/wp-json\/wp\/v2\/comments?post=1744"}],"version-history":[{"count":1,"href":"https:\/\/asia.ujaen.es\/activa\/en\/wp-json\/wp\/v2\/posts\/1744\/revisions"}],"predecessor-version":[{"id":1747,"href":"https:\/\/asia.ujaen.es\/activa\/en\/wp-json\/wp\/v2\/posts\/1744\/revisions\/1747"}],"wp:featuredmedia":[{"embeddable":true,"href":"https:\/\/asia.ujaen.es\/activa\/en\/wp-json\/wp\/v2\/media\/1746"}],"wp:attachment":[{"href":"https:\/\/asia.ujaen.es\/activa\/en\/wp-json\/wp\/v2\/media?parent=1744"}],"wp:term":[{"taxonomy":"category","embeddable":true,"href":"https:\/\/asia.ujaen.es\/activa\/en\/wp-json\/wp\/v2\/categories?post=1744"},{"taxonomy":"post_tag","embeddable":true,"href":"https:\/\/asia.ujaen.es\/activa\/en\/wp-json\/wp\/v2\/tags?post=1744"}],"curies":[{"name":"wp","href":"https:\/\/api.w.org\/{rel}","templated":true}]}}