{"id":1735,"date":"2021-09-29T00:00:00","date_gmt":"2021-09-29T00:00:00","guid":{"rendered":"http:\/\/asia.ujaen.es:8002\/?p=1735"},"modified":"2021-10-11T09:33:53","modified_gmt":"2021-10-11T09:33:53","slug":"transferencia-liderada-por-mujeres","status":"publish","type":"post","link":"https:\/\/asia.ujaen.es\/activa\/en\/2021\/09\/29\/transferencia-liderada-por-mujeres\/","title":{"rendered":"Women-led transfer"},"content":{"rendered":"<div class=\"wp-block-columns is-layout-flex wp-container-core-columns-is-layout-8f761849 wp-block-columns-is-layout-flex\">\n<div class=\"wp-block-column is-layout-flow wp-block-column-is-layout-flow\">\n<figure class=\"wp-block-image size-full\"><img loading=\"lazy\" decoding=\"async\" width=\"903\" height=\"636\" src=\"http:\/\/asia.ujaen.es:8002\/wp-content\/uploads\/2021\/10\/E-GkvpxXoAIu-Hk.jpg\" alt=\"\" class=\"wp-image-1737\" srcset=\"https:\/\/asia.ujaen.es\/activa\/wp-content\/uploads\/2021\/10\/E-GkvpxXoAIu-Hk.jpg 903w, https:\/\/asia.ujaen.es\/activa\/wp-content\/uploads\/2021\/10\/E-GkvpxXoAIu-Hk-300x211.jpg 300w, https:\/\/asia.ujaen.es\/activa\/wp-content\/uploads\/2021\/10\/E-GkvpxXoAIu-Hk-768x541.jpg 768w\" sizes=\"auto, (max-width: 903px) 100vw, 903px\" \/><\/figure>\n<\/div>\n\n\n\n<div class=\"wp-block-column is-layout-flow wp-block-column-is-layout-flow\">\n<p class=\"has-drop-cap wp-block-paragraph\">Conference given by Professor Mar\u00eda \u00c1ngeles Verdejo Espinosa of the University of Ja\u00e9n at the Conference on University Knowledge Transfer from a Gender Perspective at the University of Coru\u00f1a on September 30 and October 1, 2021.<\/p>\n<\/div>\n<\/div>\n\n\n\n<p class=\"wp-block-paragraph\"><strong>Conference<\/strong>: <a href=\"https:\/\/www.transferenciaexenero.gal\/es\/inicio-es\/\">https:\/\/www.transferenciaexenero.gal\/es\/inicio-es\/<\/a><\/p>\n\n\n\n<p class=\"wp-block-paragraph\"><strong>Program conference<\/strong>: <a href=\"https:\/\/www.transferenciaexenero.gal\/es\/programa-es\/#transferencia\">https:\/\/www.transferenciaexenero.gal\/es\/programa-es\/#transferencia<\/a><\/p>\n\n\n\n<p class=\"wp-block-paragraph\"><\/p>","protected":false},"excerpt":{"rendered":"<p>Conference given by Professor Mar\u00eda \u00c1ngeles Verdejo Espinosa of the University of Ja\u00e9n at the Conference on the Transfer of University Knowledge from a Gender Perspective at the University of ...<\/p>","protected":false},"author":1,"featured_media":1737,"comment_status":"open","ping_status":"open","sticky":false,"template":"","format":"standard","meta":{"_jetpack_newsletter_access":"","_jetpack_dont_email_post_to_subs":false,"_jetpack_newsletter_tier_id":0,"_jetpack_memberships_contains_paywalled_content":false,"_jetpack_feature_clip_id":0,"_jetpack_memberships_contains_paid_content":false,"footnotes":"","jetpack_post_was_ever_published":false},"categories":[25],"tags":[],"class_list":["post-1735","post","type-post","status-publish","format-standard","has-post-thumbnail","hentry","category-divulgacion"],"jetpack_sharing_enabled":true,"jetpack_featured_media_url":"https:\/\/asia.ujaen.es\/activa\/wp-content\/uploads\/2021\/10\/E-GkvpxXoAIu-Hk.jpg","_links":{"self":[{"href":"https:\/\/asia.ujaen.es\/activa\/en\/wp-json\/wp\/v2\/posts\/1735","targetHints":{"allow":["GET"]}}],"collection":[{"href":"https:\/\/asia.ujaen.es\/activa\/en\/wp-json\/wp\/v2\/posts"}],"about":[{"href":"https:\/\/asia.ujaen.es\/activa\/en\/wp-json\/wp\/v2\/types\/post"}],"author":[{"embeddable":true,"href":"https:\/\/asia.ujaen.es\/activa\/en\/wp-json\/wp\/v2\/users\/1"}],"replies":[{"embeddable":true,"href":"https:\/\/asia.ujaen.es\/activa\/en\/wp-json\/wp\/v2\/comments?post=1735"}],"version-history":[{"count":1,"href":"https:\/\/asia.ujaen.es\/activa\/en\/wp-json\/wp\/v2\/posts\/1735\/revisions"}],"predecessor-version":[{"id":1738,"href":"https:\/\/asia.ujaen.es\/activa\/en\/wp-json\/wp\/v2\/posts\/1735\/revisions\/1738"}],"wp:featuredmedia":[{"embeddable":true,"href":"https:\/\/asia.ujaen.es\/activa\/en\/wp-json\/wp\/v2\/media\/1737"}],"wp:attachment":[{"href":"https:\/\/asia.ujaen.es\/activa\/en\/wp-json\/wp\/v2\/media?parent=1735"}],"wp:term":[{"taxonomy":"category","embeddable":true,"href":"https:\/\/asia.ujaen.es\/activa\/en\/wp-json\/wp\/v2\/categories?post=1735"},{"taxonomy":"post_tag","embeddable":true,"href":"https:\/\/asia.ujaen.es\/activa\/en\/wp-json\/wp\/v2\/tags?post=1735"}],"curies":[{"name":"wp","href":"https:\/\/api.w.org\/{rel}","templated":true}]}}